{"id":228,"date":"2025-11-21T18:07:17","date_gmt":"2025-11-21T18:07:17","guid":{"rendered":"https:\/\/cpf.wpia.uw.edu.pl\/?p=228"},"modified":"2026-01-11T11:18:15","modified_gmt":"2026-01-11T11:18:15","slug":"appel-a-participation-blended-intensive-program-erasmus-concours-de-plaidoirie-francophone-en-droit-europeen-de-droits-de-lhomme","status":"publish","type":"post","link":"https:\/\/cpf.wpia.uw.edu.pl\/index.php\/2025\/11\/21\/appel-a-participation-blended-intensive-program-erasmus-concours-de-plaidoirie-francophone-en-droit-europeen-de-droits-de-lhomme\/","title":{"rendered":"Appel \u00e0 participation : Blended Intensive Program (ERASMUS) &#8222;Concours de plaidoirie francophone en droit europ\u00e9en de droits de l\u2019Homme&#8221;"},"content":{"rendered":"\n<figure class=\"wp-block-image size-large is-resized\"><img loading=\"lazy\" decoding=\"async\" width=\"724\" height=\"1024\" src=\"https:\/\/cpf.wpia.uw.edu.pl\/wp-content\/uploads\/2025\/11\/PLAKAT-MOOTCOURT-ERASMUS-POITIERS-724x1024.png\" alt=\"\" class=\"wp-image-438\" style=\"width:500px\" srcset=\"https:\/\/cpf.wpia.uw.edu.pl\/wp-content\/uploads\/2025\/11\/PLAKAT-MOOTCOURT-ERASMUS-POITIERS-724x1024.png 724w, https:\/\/cpf.wpia.uw.edu.pl\/wp-content\/uploads\/2025\/11\/PLAKAT-MOOTCOURT-ERASMUS-POITIERS-212x300.png 212w, https:\/\/cpf.wpia.uw.edu.pl\/wp-content\/uploads\/2025\/11\/PLAKAT-MOOTCOURT-ERASMUS-POITIERS-768x1086.png 768w, https:\/\/cpf.wpia.uw.edu.pl\/wp-content\/uploads\/2025\/11\/PLAKAT-MOOTCOURT-ERASMUS-POITIERS-1086x1536.png 1086w, https:\/\/cpf.wpia.uw.edu.pl\/wp-content\/uploads\/2025\/11\/PLAKAT-MOOTCOURT-ERASMUS-POITIERS-1448x2048.png 1448w, https:\/\/cpf.wpia.uw.edu.pl\/wp-content\/uploads\/2025\/11\/PLAKAT-MOOTCOURT-ERASMUS-POITIERS.png 1587w\" sizes=\"auto, (max-width: 724px) 100vw, 724px\" \/><\/figure>\n\n\n\n<div style=\"height:30px\" aria-hidden=\"true\" class=\"wp-block-spacer\"><\/div>\n\n\n\n<h2 class=\"wp-block-heading\" style=\"text-transform:uppercase\"><strong>Zapraszamy do udzia\u0142u w mi\u0119dzyuczelnianym, mi\u0119dzynarodowym moot courcie z zakresu europejskiego prawa ochrony cz\u0142owieka<\/strong>!<\/h2>\n\n\n\n<p class=\"wp-block-paragraph\">Program b\u0119dzie odbywa\u0142 si\u0119 w j\u0119zyku francuskim pod patronatem Fundacji Ren\u00e9 Cassin, organizatora s\u0142ynnego na francuskich uczelniach moot courtu <a href=\"https:\/\/www.iidh.org\/autres-actions\/concours\/\">Concours Ren\u00e9 Cassin<\/a> (link). Jest to konkurs oparty na symulacji rozprawy przed Europejskim Trybuna\u0142em Praw Cz\u0142owieka, kt\u00f3ry odbywa si\u0119 co roku w Strasburgu.<\/p>\n\n\n\n<p class=\"wp-block-paragraph\">Uczestnicz\u0105ce uniwersytety \u2013 do kt\u00f3rych nale\u017cy od tego roku Uniwersytet Warszawski \u2013 musz\u0105 skompletowa\u0107 zesp\u00f3\u0142 sk\u0142adaj\u0105cy si\u0119 z 2-4 student\u00f3w francuskoj\u0119zycznych, kt\u00f3rzy b\u0119d\u0105 pracowa\u0107 nad przekazanym wcze\u015bniej kazusem dotycz\u0105cym wolno\u015bci s\u0142owa. Studenci ci b\u0119d\u0105 si\u0119 przygotowywa\u0107 pod okiem wyk\u0142adowcy, kt\u00f3ry b\u0119dzie towarzyszy\u0142 zespo\u0142owi podczas przygotowa\u0144 i samego konkursu.<\/p>\n\n\n\n<p class=\"wp-block-paragraph\">Cz\u0119\u015b\u0107 zdalna projektu BIP obejmuje zaj\u0119cia online dotycz\u0105ce metodologii rozwi\u0105zywania kazus\u00f3w, wypowiedzi i rozumowania prawniczego, a tak\u017ce retoryki i technik wyst\u0105pie\u0144 publicznych (10h). Studenci wykorzystuj\u0105 t\u0119 wiedz\u0119 w praktyce podczas wyjazdowego tygodnia zaj\u0119\u0107 stacjonarnych (16-20 marca), podczas kt\u00f3rego odbywa si\u0119 symulacja procesu. Wyjazd finansowany jest ze stypendium Erasmus. W tym roku symulacja odb\u0119dzie si\u0119 w Poitiers.<\/p>\n\n\n\n<p class=\"wp-block-paragraph\">Od pocz\u0105tku projektu w BIP uczestniczy\u0142o wielu partner\u00f3w: Uniwersytet ELTE w Budapeszcie (gospodarz edycji 2022-2023), Uniwersytet w Poitiers (gospodarz edycji 2025-2026), Katolicki Uniwersytet w Lyonie (gospodarz edycji 2023-2024), Uniwersytet w Bukareszcie, Uniwersytet w Groningen, Uniwersytet w Salonikach, Uniwersytet w Namur (gospodarz edycji 2024-2025). W tym roku w projekcie, opr\u00f3cz naszego Uniwersytetu, wezm\u0105 udzia\u0142: Uniwersytet w Poitiers, Uniwersytet Galatasaray w Stambule, Uniwersytet Leibniza w Hanowerze, Uniwersytet Eotvos Lorand(ELTE) (W\u0119gry), Uniwersytet w Namur (Belgia)i Katolicki Uniwersytet w Lyonie (Francja).<\/p>\n\n\n\n<div style=\"height:30px\" aria-hidden=\"true\" class=\"wp-block-spacer\"><\/div>\n\n\n\n<h2 class=\"wp-block-heading\"><strong>INFORMACJE O PROJEKCIE I REKRUTACJI<\/strong><\/h2>\n\n\n\n<p class=\"wp-block-paragraph\"><strong>WYJAZD DO POITIERS: 16\u201320 MARCA 2026 r.<\/strong><\/p>\n\n\n\n<p class=\"wp-block-paragraph\"><strong>Warsztaty i zaj\u0119cia online oraz praca w dru\u017cynach:<\/strong> stycze\u0144\u2013marzec 2026 r.<\/p>\n\n\n\n<p class=\"wp-block-paragraph\">Warsztaty mog\u0105 obejmowa\u0107 dodatkowe zaj\u0119cia z zakresu nauki j\u0119zyka francuskiego prawniczego, w zale\u017cno\u015bci od potrzeb zg\u0142aszanych przez wybranych uczestnik\u00f3w.<\/p>\n\n\n\n<p class=\"wp-block-paragraph\"><strong>Limit miejsc:<\/strong> 4 osoby.<\/p>\n\n\n\n<p class=\"wp-block-paragraph\">O udzia\u0142 w rekrutacji mo\u017ce ubiega\u0107 si\u0119 <strong>ka\u017cdy student studi\u00f3w prowadzonych przez WPiA UW<\/strong>, <strong>niezale\u017cnie od formy studi\u00f3w (stacjonarnych lub niestacjonarnych) oraz roku studi\u00f3w<\/strong>, a tak\u017ce student Kolegium MISH realizuj\u0105cy minimum programowe na WPiA UW.<\/p>\n\n\n\n<p class=\"wp-block-paragraph\">Wyjazd dla student\u00f3w finansowany jest ze stypendi\u00f3w. Wysoko\u015b\u0107 stypendium przewidziana w ramach programu <strong>BIP<\/strong> dla zakwalifikowanych student\u00f3w na pokrycie koszt\u00f3w zwi\u0105zanych z mobilno\u015bci\u0105 fizyczn\u0105 wynosi <strong>553 EUR <\/strong>za okres planowanych <strong>5 dni<\/strong> pobytu. Dodatkowo przyznany zostanie rycza\u0142t na dni podr\u00f3\u017cy samolotem w wysoko\u015bci <strong>309 EUR<\/strong>.&nbsp;<\/p>\n\n\n\n<p class=\"wp-block-paragraph\">Za udzia\u0142 w zaj\u0119ciach realizowanych w ramach programu BIP uczestnicy uzyskaj\u0105 <strong>4 punkty ECTS<\/strong>.<\/p>\n\n\n\n<h2 class=\"wp-block-heading\"><strong>WYMAGANE DOKUMENTY<\/strong><\/h2>\n\n\n\n<ol class=\"wp-block-list\">\n<li><\/li>\n<\/ol>\n\n\n\n<p class=\"wp-block-paragraph\">Osoby zainteresowane prosimy o przes\u0142anie nast\u0119puj\u0105cych dokument\u00f3w:<\/p>\n\n\n\n<ol class=\"wp-block-list\">\n<li><strong>formularz zg\u0142oszeniowy <\/strong>wype\u0142niony wed\u0142ug wzoru za\u0142\u0105czonego poni\u017cej wraz z wymaganymi za\u0142\u0105cznikami;<\/li>\n\n\n\n<li>dokument potwierdzaj\u0105cy poziom bieg\u0142o\u015bci j\u0119zykowej z <strong>j\u0119zyka<\/strong> <strong>francuskiego <\/strong>na poziomie <strong>co najmniej B1 <\/strong>\u2013 warunek niezb\u0119dny (brak mo\u017cliwo\u015bci kwalifikacji warunkowej);<\/li>\n\n\n\n<li>za\u015bwiadczenie o \u015bredniej ocen z ostatniego uko\u0144czonego roku studi\u00f3w \u2013 wydawane przez Dziekanat;<\/li>\n\n\n\n<li>kart\u0119 przebiegu studi\u00f3w \u2013 generowan\u0105 z systemu USOSweb;<\/li>\n\n\n\n<li>list motywacyjny zawieraj\u0105cy uzasadnienie;<\/li>\n\n\n\n<li>\u017cyciorys (CV) uwzgl\u0119dniaj\u0105cy najwa\u017cniejsze osi\u0105gni\u0119cia;<\/li>\n\n\n\n<li>w przypadku wskazania osi\u0105gni\u0119\u0107 w CV \u2013 dokumenty potwierdzaj\u0105ce (za\u015bwiadczenia, certyfikaty lub inne stosowne dokumenty).<\/li>\n<\/ol>\n\n\n\n<div class=\"wp-block-file\"><a id=\"wp-block-file--media-da838534-8b0a-4785-90fd-3d2895230d9b\" href=\"https:\/\/cpf.wpia.uw.edu.pl\/wp-content\/uploads\/2025\/11\/FORMULARZ-ZGLOSZENIA-BIP-ERASMUS-POITIERS.docx\">FORMULARZ ZG\u0141OSZENIA &#8211; BIP ERASMUS POITIERS<\/a><a href=\"https:\/\/cpf.wpia.uw.edu.pl\/wp-content\/uploads\/2025\/11\/FORMULARZ-ZGLOSZENIA-BIP-ERASMUS-POITIERS.docx\" class=\"wp-block-file__button wp-element-button\" download aria-describedby=\"wp-block-file--media-da838534-8b0a-4785-90fd-3d2895230d9b\">Pobierz<\/a><\/div>\n\n\n\n<p class=\"wp-block-paragraph\">Zg\u0142oszenia prosimy kierowa\u0107 na adres <strong>cpf<\/strong>@wpia.uw.edu.pl<\/p>\n\n\n\n<p class=\"wp-block-paragraph\"><strong>TERMIN SK\u0141ADANIA DOKUMENT\u00d3W:<\/strong> <strong>16 stycznia 2026 r. do godz. 23:59<\/strong>.<\/p>\n\n\n\n<p class=\"wp-block-paragraph\">W tytule wiadomo\u015bci prosimy wpisa\u0107: <strong>Imi\u0119.Nazwisko \u2013 Rekrutacja BIP Poitiers<\/strong><\/p>\n\n\n\n<h2 class=\"wp-block-heading\"><strong>KRYTERIA REKRUTACJI<\/strong><\/h2>\n\n\n\n<p class=\"wp-block-paragraph\">Kryteria rekrutacji obejmuj\u0105:<\/p>\n\n\n\n<ul class=\"wp-block-list\">\n<li>\u015bredni\u0105 ocen z ostatniego uko\u0144czonego roku studi\u00f3w \u2013 <strong>25 pkt<\/strong>;<\/li>\n\n\n\n<li>list motywacyjny \u2013 <strong>25 pkt<\/strong>;<\/li>\n\n\n\n<li>osi\u0105gni\u0119cia (w szczeg\u00f3lno\u015bci naukowe, sportowe, kulturalne oraz spo\u0142eczne) \u2013 <strong>25 pkt<\/strong>;<\/li>\n\n\n\n<li>znajomo\u015b\u0107 j\u0119zyka francuskiego na poziomie wy\u017cszym ni\u017c B1\u2013 <strong>25 pkt<\/strong>.<\/li>\n<\/ul>\n\n\n\n<p class=\"wp-block-paragraph\">Kandydatowi, kt\u00f3ry jest studentem <strong>I roku studi\u00f3w<\/strong>, nie przyznaje si\u0119 punkt\u00f3w w kategorii \u015bredniej ocen z ostatniego uko\u0144czonego roku studi\u00f3w. Liczba punkt\u00f3w mo\u017cliwych do uzyskania w pozosta\u0142ych kategoriach jest w takim przypadku przeliczana proporcjonalnie (1\/3 ca\u0142kowitej mo\u017cliwej do zdobycia punktacji).<\/p>\n\n\n\n<h2 class=\"wp-block-heading\"><strong>CERTYFIKATY J\u0118ZYKOWE<\/strong><\/h2>\n\n\n\n<p class=\"wp-block-paragraph\">Za dokumenty potwierdzaj\u0105ce poziom bieg\u0142o\u015bci j\u0119zykowej uznawane s\u0105: (i) certyfikaty wewn\u0119trzne wydawane przez <strong>Uniwersytet Warszawski (Centrum Nauczania J\u0119zyk\u00f3w Obcych)<\/strong>; (ii) certyfikaty zewn\u0119trzne wymienione w za\u0142\u0105cznikach do uchwa\u0142y Rady Koordynacyjnej ds. Nauczania J\u0119zyk\u00f3w Obcych i Certyfikacji Bieg\u0142o\u015bci J\u0119zykowej z dnia <strong>23 wrze\u015bnia 2022 r.<\/strong> w sprawie uznawania certyfikat\u00f3w zewn\u0119trznych instytucji certyfikuj\u0105cych potwierdzaj\u0105cych poziom bieg\u0142o\u015bci j\u0119zykowej.<\/p>\n\n\n\n<p class=\"wp-block-paragraph\">W sprawach nieuregulowanych maj\u0105 zastosowanie odpowiednio i bezpo\u015brednio og\u00f3lne zasady przewidziane w Zarz\u0105dzeniu nr 30 Prodziekana ds. Studenckich Wydzia\u0142u Prawa i Administracji Uniwersytetu Warszawskiego. Osoby zainteresowane udzia\u0142em w rekrutacji prosimy r\u00f3wnie\u017c o zapoznanie si\u0119 z <a href=\"https:\/\/bwz.uw.edu.pl\/wp-content\/uploads\/sites\/92\/2025\/07\/2024BIP_og_zas_kwalifkacji-1.pdf\">Og\u00f3lnymi zasadami Mieszanych program\u00f3w intensywnych 2023\/2024 i 2024\/2025<\/a>.&nbsp;<\/p>\n","protected":false},"excerpt":{"rendered":"<p>Zapraszamy do udzia\u0142u w mi\u0119dzyuczelnianym, mi\u0119dzynarodowym moot courcie z zakresu europejskiego prawa ochrony cz\u0142owieka! Program b\u0119dzie odbywa\u0142 si\u0119 w j\u0119zyku francuskim pod patronatem Fundacji Ren\u00e9 Cassin, organizatora s\u0142ynnego na francuskich uczelniach moot courtu Concours Ren\u00e9 Cassin (link). Jest to konkurs oparty na symulacji rozprawy przed Europejskim Trybuna\u0142em Praw Cz\u0142owieka, kt\u00f3ry odbywa si\u0119 co roku w [&hellip;]<\/p>\n","protected":false},"author":2,"featured_media":237,"comment_status":"open","ping_status":"open","sticky":false,"template":"","format":"standard","meta":{"footnotes":""},"categories":[7,1],"tags":[],"class_list":["post-228","post","type-post","status-publish","format-standard","has-post-thumbnail","hentry","category-projekty","category-uncategorized"],"_links":{"self":[{"href":"https:\/\/cpf.wpia.uw.edu.pl\/index.php\/wp-json\/wp\/v2\/posts\/228","targetHints":{"allow":["GET"]}}],"collection":[{"href":"https:\/\/cpf.wpia.uw.edu.pl\/index.php\/wp-json\/wp\/v2\/posts"}],"about":[{"href":"https:\/\/cpf.wpia.uw.edu.pl\/index.php\/wp-json\/wp\/v2\/types\/post"}],"author":[{"embeddable":true,"href":"https:\/\/cpf.wpia.uw.edu.pl\/index.php\/wp-json\/wp\/v2\/users\/2"}],"replies":[{"embeddable":true,"href":"https:\/\/cpf.wpia.uw.edu.pl\/index.php\/wp-json\/wp\/v2\/comments?post=228"}],"version-history":[{"count":15,"href":"https:\/\/cpf.wpia.uw.edu.pl\/index.php\/wp-json\/wp\/v2\/posts\/228\/revisions"}],"predecessor-version":[{"id":455,"href":"https:\/\/cpf.wpia.uw.edu.pl\/index.php\/wp-json\/wp\/v2\/posts\/228\/revisions\/455"}],"wp:featuredmedia":[{"embeddable":true,"href":"https:\/\/cpf.wpia.uw.edu.pl\/index.php\/wp-json\/wp\/v2\/media\/237"}],"wp:attachment":[{"href":"https:\/\/cpf.wpia.uw.edu.pl\/index.php\/wp-json\/wp\/v2\/media?parent=228"}],"wp:term":[{"taxonomy":"category","embeddable":true,"href":"https:\/\/cpf.wpia.uw.edu.pl\/index.php\/wp-json\/wp\/v2\/categories?post=228"},{"taxonomy":"post_tag","embeddable":true,"href":"https:\/\/cpf.wpia.uw.edu.pl\/index.php\/wp-json\/wp\/v2\/tags?post=228"}],"curies":[{"name":"wp","href":"https:\/\/api.w.org\/{rel}","templated":true}]}}